[{"@context":"https:\/\/schema.org\/","@type":"Article","@id":"https:\/\/www.dj33.cz\/co-si-pocit-s-politikou\/#Article","mainEntityOfPage":"https:\/\/www.dj33.cz\/co-si-pocit-s-politikou\/","headline":"Co si po\u010d\u00edt s politikou?","name":"Co si po\u010d\u00edt s politikou?","description":"Na po\u010d\u00edn\u00e1n\u00ed na\u0161ich politik\u016f m\u016f\u017eeme m\u00edt my lid\u00e9 rozd\u00edln\u00e9 n\u00e1zory. A tak\u00e9 se v\u00a0mnoha p\u0159\u00edpadech n\u00e1zorov\u011b odli\u0161ujeme. N\u011bkdy jenom v\u00a0n\u011bkter\u00fdch t\u00e9matech, n\u011bkdy ale i naprosto. Podle toho, co se n\u00e1m l\u00edb\u00ed nebo nel\u00edb\u00ed, co vyhovuje nebo nevyhovuje ostatn\u00edm a co na\u0161i politici pr\u00e1v\u011b d\u011blaj\u00ed. Tak\u017ee jsem tu t\u0159eba j\u00e1. A co se mne a m\u00e9ho...","datePublished":"2024-08-27","dateModified":"2024-08-27","author":{"@type":"Person","@id":"https:\/\/www.dj33.cz\/author\/#Person","name":"","url":"https:\/\/www.dj33.cz\/author\/","identifier":1,"image":{"@type":"ImageObject","@id":"https:\/\/secure.gravatar.com\/avatar\/9d25b0af9840660883a67790aa4f595ddc226aa4680c4cf7bc03a25c14fcef85?s=96&d=mm&r=g","url":"https:\/\/secure.gravatar.com\/avatar\/9d25b0af9840660883a67790aa4f595ddc226aa4680c4cf7bc03a25c14fcef85?s=96&d=mm&r=g","height":96,"width":96}},"publisher":{"@type":"Organization","name":"dj33.cz","logo":{"@type":"ImageObject","@id":"\/logo.png","url":"\/logo.png","width":600,"height":60}},"image":{"@type":"ImageObject","@id":"https:\/\/www.dj33.cz\/wp-content\/uploads\/pppp_10_10_10_8.jpg","url":"https:\/\/www.dj33.cz\/wp-content\/uploads\/pppp_10_10_10_8.jpg","height":0,"width":0},"url":"https:\/\/www.dj33.cz\/co-si-pocit-s-politikou\/","about":["Politika"],"wordCount":417,"articleBody":"Na po\u010d\u00edn\u00e1n\u00ed na\u0161ich politik\u016f m\u016f\u017eeme m\u00edt my lid\u00e9 rozd\u00edln\u00e9 n\u00e1zory. A tak\u00e9 se v\u00a0mnoha p\u0159\u00edpadech n\u00e1zorov\u011b odli\u0161ujeme. N\u011bkdy jenom v\u00a0n\u011bkter\u00fdch t\u00e9matech, n\u011bkdy ale i naprosto. Podle toho, co se n\u00e1m l\u00edb\u00ed nebo nel\u00edb\u00ed, co vyhovuje nebo nevyhovuje ostatn\u00edm a co na\u0161i politici pr\u00e1v\u011b d\u011blaj\u00ed.Tak\u017ee jsem tu t\u0159eba j\u00e1. A co se mne a m\u00e9ho n\u00e1zoru na politiku t\u00fdk\u00e1, uvedl bych n\u00e1sleduj\u00edc\u00ed:Nel\u00edb\u00ed se mi, kdy\u017e politici l\u017eou. Nebo aspo\u0148 kdy\u017e l\u017eou a neum\u00ed to. V\u00a0takov\u00e9 chv\u00edli pochopiteln\u011b v\u00e1\u017en\u011b pochybuji o tom, volil-li jsem spr\u00e1vn\u011b nebo kdo mohl takovou prolhanou kreaturu volit. A nejv\u00edc mi pak vad\u00ed, kdy\u017e se n\u011bkdo takov\u00fd \u0159\u00edd\u00ed nacistick\u00fdm \u201astokr\u00e1t opakovan\u00e1 le\u017e se st\u00e1v\u00e1 pravdou\u2018 a vypad\u00e1 to, \u017ee je tomu doopravdy tak, \u017ee se t\u00edm lidi v\u00e1\u017en\u011b poda\u0159\u00ed oblbnout.T\u00edm p\u00e1dem se mi nel\u00edb\u00ed ani politici, kte\u0159\u00ed kradou. To je logick\u00e9, podle hesla, \u017ee kdo l\u017ee, ten krade. A je mi srde\u010dn\u011b jedno, hrabe-li politik do sv\u00e9, stranick\u00e9 nebo jin\u00e9 kapsy. Stejn\u011b jako je mi jedno, zda se takov\u00e9 zlod\u011bjn\u011b \u0159\u00edk\u00e1 st\u00e1tn\u00ed nebo evropsk\u00e9 dotace, odkl\u00e1n\u011bn\u00ed, mal\u00e1 dom\u016f nebo jinak. Podstata je toti\u017e v\u017edycky stejn\u00e1.Nem\u00e1m tak\u00e9 r\u00e1d politiky, kte\u0159\u00ed si kupuj\u00ed hlasy voli\u010d\u016f. A to bez ohledu na to, str\u010d\u00ed-li n\u011bkdo n\u011bkomu ve vylou\u010den\u00e9 lokalit\u011b p\u00e1r korun za jeho hlas nebo t\u0159eba p\u0159id\u00e1v\u00e1 d\u016fchodc\u016fm t\u0159eba i jen jednor\u00e1zov\u011b z\u00a0pen\u011bz, kter\u00e9 tento st\u00e1t nem\u00e1.A vysm\u00edv\u00e1m se politik\u016fm, u nich\u017e se proval\u00ed, \u017ee neopr\u00e1vn\u011bn\u011b u\u017e\u00edvaj\u00ed n\u011bjak\u00fd akademick\u00fd titul. Proto\u017ee to si r\u00e1zem vzpomenu na to, jak si De\u017eo psal ke sv\u00e9mu jm\u00e9nu CSc. A kdy\u017e se ho ptali, jak k\u00a0tomu p\u0159i\u0161el, up\u0159\u00edmn\u011b odpov\u011bd\u011bl, \u017ee je p\u0159ece \u201aCelkom Spokojen\u00fd Cik\u00e1n\u2018. A stejn\u011b hloup\u00e9 mi to p\u0159ipad\u00e1 i u politik\u016f, chlub\u00edc\u00edch se ciz\u00edm pe\u0159\u00edm, nebo t\u011bch zd\u00e1nliv\u011b nejinteligentn\u011bj\u0161\u00edch, kte\u0159\u00ed r\u00e1doby vystudovali rychlost\u00ed blesku t\u0159eba pr\u00e1va v\u00a0Plzni.A co krom\u011b toho nem\u00e1m r\u00e1d? Lidi, voli\u010de, kter\u00fdm takov\u00ed politici nevad\u00ed. A klidn\u011b je zvol\u00ed znovu.                                                                                                                                                                                                                                                                                                                                                                                        3.7\/5 - (10 votes)        "},{"@context":"https:\/\/schema.org\/","@type":"BreadcrumbList","itemListElement":[{"@type":"ListItem","position":1,"name":"Co si po\u010d\u00edt s politikou?","item":"https:\/\/www.dj33.cz\/co-si-pocit-s-politikou\/#breadcrumbitem"}]}]