[{"@context":"https:\/\/schema.org\/","@type":"Article","@id":"https:\/\/www.dj33.cz\/profesionalni-vysavac-je-vhodny-pro-jemnou-praci\/#Article","mainEntityOfPage":"https:\/\/www.dj33.cz\/profesionalni-vysavac-je-vhodny-pro-jemnou-praci\/","headline":"Profesion\u00e1ln\u00ed vysava\u010d je vhodn\u00fd pro jemnou pr\u00e1ci","name":"Profesion\u00e1ln\u00ed vysava\u010d je vhodn\u00fd pro jemnou pr\u00e1ci","description":"Rozhodn\u011b tento model nen\u00ed vhodn\u00e9 pou\u017e\u00edvat ve v\u00fdrobn\u00ed hale. Tady obstoj\u00ed naprosto jin\u00fd pracant. P\u0159i \u00faklidu kancel\u00e1\u0159\u00ed, ordinac\u00ed nebo hotel\u016f V\u00e1m bude spolehliv\u011b sta\u010dit komer\u010dn\u00ed kousek, kter\u00fd se m\u016f\u017ee pochlubit odolnou konstrukc\u00ed, stabiln\u00edm podvozkem a dostate\u010dn\u011b velk\u00fdm v\u00fdkonem. Mo\u017en\u00e1 budete kl\u00e1st d\u016fraz na n\u00edzkou hlu\u010dnost. Na to nezapom\u00ednejte p\u0159edev\u0161\u00edm p\u0159i \u00faklidu hotelov\u00fdch pokoj\u016f. Nechcete, aby...","datePublished":"2024-01-28","dateModified":"2024-01-28","author":{"@type":"Person","@id":"https:\/\/www.dj33.cz\/author\/#Person","name":"","url":"https:\/\/www.dj33.cz\/author\/","identifier":1,"image":{"@type":"ImageObject","@id":"https:\/\/secure.gravatar.com\/avatar\/9d25b0af9840660883a67790aa4f595ddc226aa4680c4cf7bc03a25c14fcef85?s=96&d=mm&r=g","url":"https:\/\/secure.gravatar.com\/avatar\/9d25b0af9840660883a67790aa4f595ddc226aa4680c4cf7bc03a25c14fcef85?s=96&d=mm&r=g","height":96,"width":96}},"publisher":{"@type":"Organization","name":"dj33.cz","logo":{"@type":"ImageObject","@id":"\/logo.png","url":"\/logo.png","width":600,"height":60}},"url":"https:\/\/www.dj33.cz\/profesionalni-vysavac-je-vhodny-pro-jemnou-praci\/","wordCount":206,"articleBody":"Rozhodn\u011b tento model nen\u00ed vhodn\u00e9 pou\u017e\u00edvat ve v\u00fdrobn\u00ed hale. Tady obstoj\u00ed naprosto jin\u00fd pracant. P\u0159i \u00faklidu kancel\u00e1\u0159\u00ed, ordinac\u00ed nebo hotel\u016f V\u00e1m bude spolehliv\u011b sta\u010dit komer\u010dn\u00ed kousek, kter\u00fd se m\u016f\u017ee pochlubit odolnou konstrukc\u00ed, stabiln\u00edm podvozkem a dostate\u010dn\u011b velk\u00fdm v\u00fdkonem. Mo\u017en\u00e1 budete kl\u00e1st d\u016fraz na n\u00edzkou hlu\u010dnost. Na to nezapom\u00ednejte p\u0159edev\u0161\u00edm p\u0159i \u00faklidu hotelov\u00fdch pokoj\u016f. Nechcete, aby pokojsk\u00e1 p\u0159i likvidaci nepo\u0159\u00e1dku ru\u0161ila p\u0159\u00edtomn\u00e9 hosty. To by je od dal\u0161\u00ed n\u00e1v\u0161t\u011bvy Va\u0161eho \u0161pi\u010dkov\u00e9ho hn\u00edzde\u010dka l\u00e1sky nejsp\u00ed\u0161 odradilo.\tV\u00a0administrativn\u00edch budov\u00e1ch leh\u010d\u00ed komer\u010dn\u00ed modely bohat\u011b sta\u010d\u00edRozhodn\u011b nen\u00ed nutn\u00e9 investovat do pr\u016fmyslov\u00e9ho pracant, kter\u00fd najde uplatn\u011bn\u00ed v\u00a0d\u00edln\u00e1ch, skladech a v\u00fdrobn\u00edch provozech. \u00daklid administrativn\u00ed budovy spolehliv\u011b zvl\u00e1dne profesion\u00e1ln\u00ed vysava\u010d, kter\u00fd se d\u00e1 pom\u011brn\u011b snadno obsluhovat a m\u00e1 dostate\u010dn\u00fd v\u00fdkon. P\u0159ed n\u00e1kupem vhodn\u00e9ho stroje si ujasn\u011bte, jak obrovskou plochu budete tento pomocn\u00edk \u010distit. Podle toho zvolte objem n\u00e1doby. P\u0159i \u00faklidu hotel\u016f nebo nemocnic bude hr\u00e1t velkou roli i m\u00edra hlu\u010dnosti.                                                                                                                                                                                                                                                                                                                                                                                        3.3\/5 - (9 votes)        "},{"@context":"https:\/\/schema.org\/","@type":"BreadcrumbList","itemListElement":[{"@type":"ListItem","position":1,"name":"Profesion\u00e1ln\u00ed vysava\u010d je vhodn\u00fd pro jemnou pr\u00e1ci","item":"https:\/\/www.dj33.cz\/profesionalni-vysavac-je-vhodny-pro-jemnou-praci\/#breadcrumbitem"}]}]