[{"@context":"https:\/\/schema.org\/","@type":"Article","@id":"https:\/\/www.dj33.cz\/zvlastni-politika\/#Article","mainEntityOfPage":"https:\/\/www.dj33.cz\/zvlastni-politika\/","headline":"Zvl\u00e1\u0161tn\u00ed politika","name":"Zvl\u00e1\u0161tn\u00ed politika","description":"Politick\u00e1 sc\u00e9na m\u011b nikdy moc nezaj\u00edmala, ov\u0161em do t\u00e9 doby, ne\u017e jsem se sezn\u00e1mila se sv\u00fdm nyn\u011bj\u0161\u00edm p\u0159\u00edtelem. M\u016fj p\u0159\u00edtel doslova \u017eil politikou. Politika ho velmi zaj\u00edmala, ov\u0161em j\u00e1 jsem byla prav\u00fd opak. V\u011bd\u011bla jsem pouze, o \u010dem politika je. A to o tom, \u017ee se lid\u00e9 dohaduj\u00ed a h\u00e1daj\u00ed. A j\u00e1 politiku jsem m\u011bla...","datePublished":"2021-12-15","dateModified":"2023-05-15","author":{"@type":"Person","@id":"https:\/\/www.dj33.cz\/author\/#Person","name":"","url":"https:\/\/www.dj33.cz\/author\/","identifier":1,"image":{"@type":"ImageObject","@id":"https:\/\/secure.gravatar.com\/avatar\/9d25b0af9840660883a67790aa4f595ddc226aa4680c4cf7bc03a25c14fcef85?s=96&d=mm&r=g","url":"https:\/\/secure.gravatar.com\/avatar\/9d25b0af9840660883a67790aa4f595ddc226aa4680c4cf7bc03a25c14fcef85?s=96&d=mm&r=g","height":96,"width":96}},"publisher":{"@type":"Organization","name":"dj33.cz","logo":{"@type":"ImageObject","@id":"\/logo.png","url":"\/logo.png","width":600,"height":60}},"image":{"@type":"ImageObject","@id":"https:\/\/www.dj33.cz\/wp-content\/uploads\/grandmother-453131_640%20(1)_1.jpg","url":"https:\/\/www.dj33.cz\/wp-content\/uploads\/grandmother-453131_640%20(1)_1.jpg","height":0,"width":0},"url":"https:\/\/www.dj33.cz\/zvlastni-politika\/","about":["Politika"],"wordCount":436,"articleBody":"Politick\u00e1 sc\u00e9na m\u011b nikdy moc nezaj\u00edmala, ov\u0161em do t\u00e9 doby, ne\u017e jsem se sezn\u00e1mila se sv\u00fdm nyn\u011bj\u0161\u00edm p\u0159\u00edtelem. M\u016fj p\u0159\u00edtel doslova \u017eil politikou. Politika ho velmi zaj\u00edmala, ov\u0161em j\u00e1 jsem byla prav\u00fd opak. V\u011bd\u011bla jsem pouze, o \u010dem politika je. A to o tom, \u017ee se lid\u00e9 dohaduj\u00ed a h\u00e1daj\u00ed. A j\u00e1 politiku jsem m\u011bla sp\u00ed\u0161e za cirkus. Politika mi p\u0159i\u0161la k sm\u00edchu a to v\u017edycky. Jen\u017ee m\u016fj p\u0159\u00edtel mi zm\u011bnil \u017eivot. Tedy sp\u00ed\u0161e nezm\u011bnil. M\u016fj \u017eivot byl st\u00e1le stejn\u00fd, te\u010f akor\u00e1t tedy, \u017ee jsem m\u011bla jin\u00fd pohled na politiku. Ov\u0161em nejen tak ledajak\u00fd. Politikou jsem nem\u011bla st\u00e1le r\u00e1da. A mo\u017en\u00e1 to byl taky jeden z t\u011bch d\u016fvod\u016f, pro\u010d jsem se s p\u0159\u00edtelem taky roze\u0161la.\u00a0S p\u0159\u00edtelem jsem chodila dva roky. A mus\u00edm \u0159\u00edct, \u017ee prvn\u00ed t\u0159i \u010dty\u0159i m\u011bs\u00edce to byly perfektn\u00ed. Skv\u011bl\u00e9 \u010dty\u0159i m\u011bs\u00edce ve vztahu a pln\u00e9 l\u00e1sky. Bylo to kr\u00e1sn\u00e9 a j\u00e1 jsem se t\u011b\u0161ila, \u017ee to bude pokra\u010dovat i nad\u00e1le, te\u010f ov\u0161em jsem se spletla. Za v\u0161echno mohla politika. A mysl\u00edm, \u017ee kdyby se p\u0159\u00edtel nezaj\u00edmal tak moc o politiku, tak m\u00e1me kr\u00e1sn\u00fd vztah i dnes.Nen\u00ed to tak a bohu\u017eel nebylo n\u00e1m p\u0159\u00e1no. Politika n\u00e1\u0161 vztah rozvr\u00e1tila a to \u00fapln\u011b. Bylo to v\u00e1\u017en\u011b \u0161kared\u00e9 a taky nespravedliv\u00e9. Mysl\u00edm, \u017ee politika n\u00e1m zni\u010dila vztah a to nepr\u00e1vem. Kdybychom se oba nezaj\u00edmali o politiku, tak m\u00e1me st\u00e1le harmonick\u00fd vztah. Jen\u017ee politika, byla prvn\u00ed z\u00e1liba m\u00e9ho partnera a te\u010f m\u016fj partner se necht\u011bl politick\u00fdch hovor\u016f vzd\u00e1t. A jeliko\u017e j\u00e1 politice v\u016fbec nerozum\u00edm, tak jsem \u0159ekla \u017ee, politick\u00e9 blbosti a moje rozhovory asi p\u0159\u00edteli vadily. A abych byla up\u0159\u00edmn\u00e1, tak m\u011b to ani nevadilo. Nakonec jsem r\u00e1da, \u017ee u\u017e p\u0159\u00edtele nem\u00e1m. Proto\u017ee alespo\u0148 nemus\u00edm nic pov\u00eddat o politice, a to je taky velk\u00e1 v\u00fdhoda. Podle m\u00e9ho n\u00e1zoru, je politika zbyte\u010dn\u00e1. Politikou by se m\u011bli zaj\u00edmat pouze ti lid\u00e9 kte\u0159\u00ed v tom oboru pracuj\u00ed. A j\u00e1 jako zv\u011brol\u00e9ka\u0159ka o to nem\u00e1m z\u00e1jem. Nav\u00edc politiku bych nechala\u00a0jen t\u011bm vyvolen\u00fdm, kte\u0159\u00ed se o to zaj\u00edmaj\u00ed a bav\u00ed je to.\u00a0                                                                                                                                                                                                                                                                                                                                                                                        4\/5 - (7 votes)        "},{"@context":"https:\/\/schema.org\/","@type":"BreadcrumbList","itemListElement":[{"@type":"ListItem","position":1,"name":"Zvl\u00e1\u0161tn\u00ed politika","item":"https:\/\/www.dj33.cz\/zvlastni-politika\/#breadcrumbitem"}]}]